{"id":4240,"date":"2026-03-16T12:49:22","date_gmt":"2026-03-16T12:49:22","guid":{"rendered":"https:\/\/guadarramariodearena.org\/?p=4240"},"modified":"2026-03-16T12:49:22","modified_gmt":"2026-03-16T12:49:22","slug":"actividad-vigilantes-de-la-noche","status":"publish","type":"post","link":"https:\/\/guadarramariodearena.org\/index.php\/archivos\/4240","title":{"rendered":"ACTIVIDAD \u00abVIGILANTES DE LA NOCHE\u00bb"},"content":{"rendered":"\n<p>Cuando cae la noche, misteriosos vigilantes nocturnos abren sus alas y reinan los cielos. Pon cara a estos vecinos alados y descubre muchas curiosidades sobre ellos.<\/p>\n\n\n\n<p id=\"block-87898152-e048-41fa-9d8b-7abfa4baee1c\"><strong>FECHA:<\/strong> 28 de marzo.<\/p>\n\n\n\n<p id=\"block-8e88e3b8-f96c-4ff4-97ca-b62e2bdb9424\"><strong>DESTINATARIOS:\u00a0<\/strong>P\u00fablico familiar con menores de 4 a 10 a\u00f1os. Durante el taller, los ni\u00f1os y ni\u00f1as tienen que estar acompa\u00f1ados de alg\u00fan adulto, siendo necesaria la colaboraci\u00f3n de los tutores en el desarrollo de la actividad.<\/p>\n\n\n\n<p id=\"block-a7693b1d-a4f1-455c-bc1e-df757cf38a7d\"><strong>HORA DE COMIENZO Y DURACI\u00d3N DE LA ACTIVIDAD:\u00a0<\/strong>La actividad comienza a las\u00a0<strong>10:30 horas.<\/strong>\u00a0La duraci\u00f3n aproximada es de\u00a0<strong>1,5 horas.<\/strong><\/p>\n\n\n\n<p id=\"block-5b290115-e350-47af-bf43-60811885705c\"><strong>LUGAR DE CELEBRACI\u00d3N<\/strong>: Arroyomolinos.<\/p>\n\n\n\n<p id=\"block-2d72a70e-c2c8-4739-86e3-467ba0560e81\"><strong>INSCRIPCI\u00d3N EN LA ACTIVIDAD<\/strong>: Actividad gratuita. Imprescindible reserva previa a trav\u00e9s del correo electr\u00f3nico&nbsp;<a href=\"mailto:reservas@guadarramariodearena.org\">reservas@guadarramariodearena.org<\/a>&nbsp;y en el tel\u00e9fono 639 88 01 23.<\/p>\n\n\n\n<p id=\"block-bde692a5-2c6a-4f84-b6d8-12eaeaf86eda\"><strong>FECHA TOPE DE INSCRIPCI\u00d3N<\/strong>: jueves 26 de marzo a las 14 horas.<\/p>\n\n\n\n<p id=\"block-ae92a5f1-04ce-4043-af10-d5d82ee04a20\">Sujeto a cancelaci\u00f3n en el caso de condiciones meteorol\u00f3gicas adversas o no alcanzarse un n\u00famero m\u00ednimo de inscritos. NO apta para mascotas.<\/p>\n\n\n\n<figure class=\"wp-block-image size-large\"><img loading=\"lazy\" decoding=\"async\" width=\"724\" height=\"1024\" src=\"https:\/\/guadarramariodearena.org\/wp-content\/uploads\/2026\/03\/Cartel_Vigilantes-de-la-noche-MAR26-724x1024.jpg\" alt=\"\" class=\"wp-image-4239\" srcset=\"https:\/\/guadarramariodearena.org\/wp-content\/uploads\/2026\/03\/Cartel_Vigilantes-de-la-noche-MAR26-724x1024.jpg 724w, https:\/\/guadarramariodearena.org\/wp-content\/uploads\/2026\/03\/Cartel_Vigilantes-de-la-noche-MAR26-212x300.jpg 212w, https:\/\/guadarramariodearena.org\/wp-content\/uploads\/2026\/03\/Cartel_Vigilantes-de-la-noche-MAR26-768x1086.jpg 768w, https:\/\/guadarramariodearena.org\/wp-content\/uploads\/2026\/03\/Cartel_Vigilantes-de-la-noche-MAR26-1086x1536.jpg 1086w, https:\/\/guadarramariodearena.org\/wp-content\/uploads\/2026\/03\/Cartel_Vigilantes-de-la-noche-MAR26-1448x2048.jpg 1448w, https:\/\/guadarramariodearena.org\/wp-content\/uploads\/2026\/03\/Cartel_Vigilantes-de-la-noche-MAR26-191x270.jpg 191w, https:\/\/guadarramariodearena.org\/wp-content\/uploads\/2026\/03\/Cartel_Vigilantes-de-la-noche-MAR26.jpg 1754w\" sizes=\"(max-width: 724px) 100vw, 724px\" \/><\/figure>\n","protected":false},"excerpt":{"rendered":"<p>Cuando cae la noche, misteriosos vigilantes nocturnos abren sus alas y reinan los cielos. Pon cara a estos vecinos alados y descubre muchas curiosidades sobre ellos. FECHA: 28 de marzo. DESTINATARIOS:\u00a0P\u00fablico familiar con menores de 4 a 10 a\u00f1os. Durante el taller, los ni\u00f1os y ni\u00f1as tienen que estar acompa\u00f1ados de alg\u00fan adulto, siendo necesaria la colaboraci\u00f3n de los tutores en el desarrollo de la actividad. HORA DE COMIENZO Y DURACI\u00d3N DE LA ACTIVIDAD:\u00a0La actividad comienza a las\u00a010:30 horas.\u00a0La duraci\u00f3n&#8230;<\/p>\n<p class=\"read-more\"><a class=\"btn btn-default\" href=\"https:\/\/guadarramariodearena.org\/index.php\/archivos\/4240\"> Leer m\u00e1s<span class=\"screen-reader-text\">  Leer m\u00e1s<\/span><\/a><\/p>\n","protected":false},"author":1,"featured_media":0,"comment_status":"open","ping_status":"open","sticky":false,"template":"","format":"standard","meta":{"footnotes":""},"categories":[1],"tags":[],"_links":{"self":[{"href":"https:\/\/guadarramariodearena.org\/index.php\/wp-json\/wp\/v2\/posts\/4240"}],"collection":[{"href":"https:\/\/guadarramariodearena.org\/index.php\/wp-json\/wp\/v2\/posts"}],"about":[{"href":"https:\/\/guadarramariodearena.org\/index.php\/wp-json\/wp\/v2\/types\/post"}],"author":[{"embeddable":true,"href":"https:\/\/guadarramariodearena.org\/index.php\/wp-json\/wp\/v2\/users\/1"}],"replies":[{"embeddable":true,"href":"https:\/\/guadarramariodearena.org\/index.php\/wp-json\/wp\/v2\/comments?post=4240"}],"version-history":[{"count":1,"href":"https:\/\/guadarramariodearena.org\/index.php\/wp-json\/wp\/v2\/posts\/4240\/revisions"}],"predecessor-version":[{"id":4241,"href":"https:\/\/guadarramariodearena.org\/index.php\/wp-json\/wp\/v2\/posts\/4240\/revisions\/4241"}],"wp:attachment":[{"href":"https:\/\/guadarramariodearena.org\/index.php\/wp-json\/wp\/v2\/media?parent=4240"}],"wp:term":[{"taxonomy":"category","embeddable":true,"href":"https:\/\/guadarramariodearena.org\/index.php\/wp-json\/wp\/v2\/categories?post=4240"},{"taxonomy":"post_tag","embeddable":true,"href":"https:\/\/guadarramariodearena.org\/index.php\/wp-json\/wp\/v2\/tags?post=4240"}],"curies":[{"name":"wp","href":"https:\/\/api.w.org\/{rel}","templated":true}]}}